{"id":7647,"date":"2021-12-15T08:00:22","date_gmt":"2021-12-15T13:00:22","guid":{"rendered":"https:\/\/live-technetics.pantheonsite.io\/?p=7647"},"modified":"2022-02-24T15:13:50","modified_gmt":"2022-02-24T20:13:50","slug":"getting-technetical-what-will-the-commercial-space-market-look-like-in-2022","status":"publish","type":"post","link":"https:\/\/technetics.com\/de\/getting-technetical-what-will-the-commercial-space-market-look-like-in-2022\/","title":{"rendered":"Technisch auf dem neuesten Stand: Wie wird der kommerzielle Raumfahrtmarkt im Jahr 2022 aussehen?"},"content":{"rendered":"<div id='av_section_1'  class='avia-section av-d6tzz4-122e77b92a48e020d3a737d8ab7c0174 main_color avia-section-default avia-no-border-styling  avia-builder-el-0  el_before_av_one_full  avia-builder-el-first  avia-bg-style-scroll container_wrap fullsize'  ><div class='container av-section-cont-open' ><main  role=\"main\" itemprop=\"mainContentOfPage\"  class='template-page content  av-content-full alpha units'><div class='post-entry post-entry-type-page post-entry-7647'><div class='entry-content-wrapper clearfix'>\n\n<style type=\"text\/css\" data-created_by=\"avia_inline_auto\" id=\"style-css-av-12e6z4-ab31b4b54e92beadd0b22ba2ea202e2b\">\n.flex_column.av-12e6z4-ab31b4b54e92beadd0b22ba2ea202e2b{\nborder-radius:0px 0px 0px 0px;\npadding:0px 0px 0px 0px;\n}\n<\/style>\n<div  class='flex_column av-12e6z4-ab31b4b54e92beadd0b22ba2ea202e2b av_one_full  avia-builder-el-1  avia-builder-el-no-sibling  first flex_column_div av-zero-column-padding'     ><p>\n<style type=\"text\/css\" data-created_by=\"avia_inline_auto\" id=\"style-css-av-9k67k0-561f97e52c8734cbd077ec5456b0f0a2\">\n#top .hr.av-9k67k0-561f97e52c8734cbd077ec5456b0f0a2{\nmargin-top:30px;\nmargin-bottom:30px;\n}\n.hr.av-9k67k0-561f97e52c8734cbd077ec5456b0f0a2 .hr-inner{\nwidth:50px;\n}\n<\/style>\n<div  id=\"center-accent-line\"  class='hr av-9k67k0-561f97e52c8734cbd077ec5456b0f0a2 hr-custom  avia-builder-el-2  el_before_av_textblock  avia-builder-el-first  hr-center hr-icon-no'><span class='hr-inner inner-border-av-border-thin'><span class=\"hr-inner-style\"><\/span><\/span><\/div><br \/>\n<section  class='av_textblock_section av-7quyhs-329dc60c4f4777cacdc0fb2c262587ea'   itemscope=\"itemscope\" itemtype=\"https:\/\/schema.org\/BlogPosting\" itemprop=\"blogPost\" ><div class='avia_textblock'  itemprop=\"text\" ><h2>Technisch auf dem neuesten Stand: Wie wird der kommerzielle Raumfahrtmarkt im Jahr 2022 aussehen?<\/h2>\n<\/div><\/section><\/p><\/div>\n<\/div><\/div><\/main><!-- close content main element --><\/div><\/div><div id='after_section_1'  class='main_color av_default_container_wrap container_wrap fullsize'  ><div class='container av-section-cont-open' ><div class='template-page content  av-content-full alpha units'><div class='post-entry post-entry-type-page post-entry-7647'><div class='entry-content-wrapper clearfix'>\n\n<style type=\"text\/css\" data-created_by=\"avia_inline_auto\" id=\"style-css-av-6m5c5c-85a854fcb5b645e555da9e909e0a32ac\">\n.flex_column.av-6m5c5c-85a854fcb5b645e555da9e909e0a32ac{\nborder-radius:0px 0px 0px 0px;\npadding:0px 0px 0px 0px;\n}\n<\/style>\n<div  class='flex_column av-6m5c5c-85a854fcb5b645e555da9e909e0a32ac av_one_full  avia-builder-el-4  el_after_av_section  avia-builder-el-no-sibling  first flex_column_div av-zero-column-padding'     ><p><br \/>\n<div  class='hr av-2e5deo-0fd98cdb967866726d1cb258f5cfb0c1 hr-default  avia-builder-el-6  el_after_av_codeblock  el_before_av_textblock'><span class='hr-inner'><span class=\"hr-inner-style\"><\/span><\/span><\/div><br \/>\n<section  class='av_textblock_section av-kx5alhlu-803c03d36aaf15c373e48cd3597b37b9'   itemscope=\"itemscope\" itemtype=\"https:\/\/schema.org\/BlogPosting\" itemprop=\"blogPost\" ><div class='avia_textblock'  itemprop=\"text\" ><p>Die Pandemie mag das Wachstum vieler Branchen gebremst haben, aber das gilt nicht f\u00fcr den kommerziellen Raumfahrtmarkt. Jason Riggs, Director of Strategy bei Technetics, diskutierte mit Gastgeber Tyler Kern \u00fcber die Zukunft des Marktes im Jahr 2022.<\/p>\n<p>In j\u00fcngster Zeit haben Antriebs- und Tr\u00e4gerraketen auf dem Markt Einzug gehalten, und sowohl private als auch \u00f6ffentliche Gelder treiben die Investitionen an. Der 3D-Druck und die Designstabilit\u00e4t haben zu Kosteneffizienz und Standarddesigns beigetragen, die f\u00fcr die Sicherstellung der Lieferkontinuit\u00e4t unerl\u00e4sslich sind.<\/p>\n<p>Es besteht auch ein Bedarf an nationalen Sicherheitsnutzlasten wie Kommunikationssatelliten, da der Bedarf an Daten und Konnektivit\u00e4t immer wichtiger wird. Gro\u00dfe Konstellationen werden die Konnektivit\u00e4t f\u00f6rdern, indem sie die 50% der Welt, die keinen Anschluss haben, mit Internet versorgen. Die Kosten und die Gr\u00f6\u00dfe von Kommunikationssatelliten sind drastisch gesunken, so dass mehr Satelliten in der Umlaufbahn sein k\u00f6nnen.<\/p>\n<p>Unternehmen wie AST space mobile, Astranis, das Amazon-Projekt Kuiper und SpaceX beteiligen sich an dem Ansturm auf den Start weiterer Satelliten. \"Es wird erwartet, dass der Markt f\u00fcr Weltraumtr\u00e4gerdienste mit einer CAGR von 13 bis 14% wachsen wird, so dass sich die Marktgr\u00f6\u00dfe bis zum Jahr 2027 auf \u00fcber 26 Milliarden belaufen wird\", so Riggs.<\/p>\n<p>Was k\u00fcnftige Innovationen betrifft, so sind Flugkraftstoffe, Hybrid-Elektroflugzeuge, Wasserstoffflugzeuge, nachhaltige \u00dcberschallflugzeuge und vollelektrische Flugzeuge auf dem Vormarsch. Die Industrie beginnt mit dem Einsatz von Hyperschallraketen, die sich mit f\u00fcnffacher Schallgeschwindigkeit fortbewegen und konventionelle und nukleare Sprengladungen innerhalb von Minuten an jeden Ort der Welt bringen k\u00f6nnen. Riggs erl\u00e4utert die Rolle von Technetics: \"Unser Ziel ist es, Technologien zu entwickeln und zu erwerben, die es uns erm\u00f6glichen, diese M\u00e4rkte voranzutreiben, anstatt ihnen nur hinterherzulaufen.\"<\/p>\n<p>Weitere Informationen zu diesem Thema erhalten Sie, wenn Sie den Podcast auf Apple iTunes oder Spotify abonnieren und die Technetics-Website besuchen.<\/p>\n<\/div><\/section><\/p><\/div>","protected":false},"excerpt":{"rendered":"<p>Die Pandemie mag das Wachstum vieler Branchen gebremst haben, aber das gilt nicht f\u00fcr den kommerziellen Raumfahrtmarkt. Jason Riggs, Director of Strategy bei Technetics, er\u00f6rterte die Zukunft des Marktes im Jahr 2022. <\/p>","protected":false},"author":5,"featured_media":7751,"comment_status":"closed","ping_status":"closed","sticky":false,"template":"","format":"standard","meta":{"inline_featured_image":false,"footnotes":""},"categories":[65],"tags":[],"application":[51,57],"class_list":["post-7647","post","type-post","status-publish","format-standard","has-post-thumbnail","hentry","category-podcasts","application-military","application-space"],"yoast_head":"<!-- This site is optimized with the Yoast SEO plugin v25.2 - https:\/\/yoast.com\/wordpress\/plugins\/seo\/ -->\n<title>Getting Technetical: What Will the Commercial Space Market Look Like in 2022? - Technetics Group<\/title>\n<meta name=\"description\" content=\"The pandemic may have halted many industries from growing, but that is not the case for the commercial space market.\" \/>\n<meta name=\"robots\" content=\"index, follow, max-snippet:-1, max-image-preview:large, max-video-preview:-1\" \/>\n<link rel=\"canonical\" href=\"https:\/\/technetics.com\/de\/getting-technetical-what-will-the-commercial-space-market-look-like-in-2022\/\" \/>\n<meta property=\"og:locale\" content=\"de_DE\" \/>\n<meta property=\"og:type\" content=\"article\" \/>\n<meta property=\"og:title\" content=\"Getting Technetical: What Will the Commercial Space Market Look Like in 2022? - Technetics Group\" \/>\n<meta property=\"og:description\" content=\"The pandemic may have halted many industries from growing, but that is not the case for the commercial space market.\" \/>\n<meta property=\"og:url\" content=\"https:\/\/technetics.com\/de\/getting-technetical-what-will-the-commercial-space-market-look-like-in-2022\/\" \/>\n<meta property=\"og:site_name\" content=\"Technetics Group\" \/>\n<meta property=\"article:publisher\" content=\"https:\/\/www.facebook.com\/TechneticsGroup\/\" \/>\n<meta property=\"article:published_time\" content=\"2021-12-15T13:00:22+00:00\" \/>\n<meta property=\"article:modified_time\" content=\"2022-02-24T20:13:50+00:00\" \/>\n<meta property=\"og:image\" content=\"https:\/\/technetics.com\/wp-content\/uploads\/2021\/12\/Podcast-2-Screenshot.jpg\" \/>\n\t<meta property=\"og:image:width\" content=\"2024\" \/>\n\t<meta property=\"og:image:height\" content=\"1330\" \/>\n\t<meta property=\"og:image:type\" content=\"image\/jpeg\" \/>\n<meta name=\"author\" content=\"Lea Johnson\" \/>\n<meta name=\"twitter:card\" content=\"summary_large_image\" \/>\n<meta name=\"twitter:creator\" content=\"@TechneticsGroup\" \/>\n<meta name=\"twitter:site\" content=\"@TechneticsGroup\" \/>\n<meta name=\"twitter:label1\" content=\"Verfasst von\" \/>\n\t<meta name=\"twitter:data1\" content=\"Lea Johnson\" \/>\n\t<meta name=\"twitter:label2\" content=\"Gesch\u00e4tzte Lesezeit\" \/>\n\t<meta name=\"twitter:data2\" content=\"3 Minuten\" \/>\n<script type=\"application\/ld+json\" class=\"yoast-schema-graph\">{\"@context\":\"https:\/\/schema.org\",\"@graph\":[{\"@type\":\"Article\",\"@id\":\"https:\/\/technetics.com\/getting-technetical-what-will-the-commercial-space-market-look-like-in-2022\/#article\",\"isPartOf\":{\"@id\":\"https:\/\/technetics.com\/getting-technetical-what-will-the-commercial-space-market-look-like-in-2022\/\"},\"author\":{\"name\":\"Lea Johnson\",\"@id\":\"https:\/\/technetics.com\/#\/schema\/person\/a9dd63c74704ef282a2214ec09c4a6d9\"},\"headline\":\"Getting Technetical: What Will the Commercial Space Market Look Like in 2022?\",\"datePublished\":\"2021-12-15T13:00:22+00:00\",\"dateModified\":\"2022-02-24T20:13:50+00:00\",\"mainEntityOfPage\":{\"@id\":\"https:\/\/technetics.com\/getting-technetical-what-will-the-commercial-space-market-look-like-in-2022\/\"},\"wordCount\":757,\"publisher\":{\"@id\":\"https:\/\/technetics.com\/#organization\"},\"image\":{\"@id\":\"https:\/\/technetics.com\/getting-technetical-what-will-the-commercial-space-market-look-like-in-2022\/#primaryimage\"},\"thumbnailUrl\":\"https:\/\/technetics.com\/wp-content\/uploads\/2021\/12\/Podcast-2-Screenshot.jpg\",\"articleSection\":[\"Podcasts\"],\"inLanguage\":\"de-DE\"},{\"@type\":\"WebPage\",\"@id\":\"https:\/\/technetics.com\/getting-technetical-what-will-the-commercial-space-market-look-like-in-2022\/\",\"url\":\"https:\/\/technetics.com\/getting-technetical-what-will-the-commercial-space-market-look-like-in-2022\/\",\"name\":\"Getting Technetical: What Will the Commercial Space Market Look Like in 2022? - Technetics Group\",\"isPartOf\":{\"@id\":\"https:\/\/technetics.com\/#website\"},\"primaryImageOfPage\":{\"@id\":\"https:\/\/technetics.com\/getting-technetical-what-will-the-commercial-space-market-look-like-in-2022\/#primaryimage\"},\"image\":{\"@id\":\"https:\/\/technetics.com\/getting-technetical-what-will-the-commercial-space-market-look-like-in-2022\/#primaryimage\"},\"thumbnailUrl\":\"https:\/\/technetics.com\/wp-content\/uploads\/2021\/12\/Podcast-2-Screenshot.jpg\",\"datePublished\":\"2021-12-15T13:00:22+00:00\",\"dateModified\":\"2022-02-24T20:13:50+00:00\",\"description\":\"The pandemic may have halted many industries from growing, but that is not the case for the commercial space market.\",\"breadcrumb\":{\"@id\":\"https:\/\/technetics.com\/getting-technetical-what-will-the-commercial-space-market-look-like-in-2022\/#breadcrumb\"},\"inLanguage\":\"de-DE\",\"potentialAction\":[{\"@type\":\"ReadAction\",\"target\":[\"https:\/\/technetics.com\/getting-technetical-what-will-the-commercial-space-market-look-like-in-2022\/\"]}]},{\"@type\":\"ImageObject\",\"inLanguage\":\"de-DE\",\"@id\":\"https:\/\/technetics.com\/getting-technetical-what-will-the-commercial-space-market-look-like-in-2022\/#primaryimage\",\"url\":\"https:\/\/technetics.com\/wp-content\/uploads\/2021\/12\/Podcast-2-Screenshot.jpg\",\"contentUrl\":\"https:\/\/technetics.com\/wp-content\/uploads\/2021\/12\/Podcast-2-Screenshot.jpg\",\"width\":2024,\"height\":1330},{\"@type\":\"BreadcrumbList\",\"@id\":\"https:\/\/technetics.com\/getting-technetical-what-will-the-commercial-space-market-look-like-in-2022\/#breadcrumb\",\"itemListElement\":[{\"@type\":\"ListItem\",\"position\":1,\"name\":\"Home\",\"item\":\"https:\/\/technetics.com\/ko\/\"},{\"@type\":\"ListItem\",\"position\":2,\"name\":\"Getting Technetical: What Will the Commercial Space Market Look Like in 2022?\"}]},{\"@type\":\"WebSite\",\"@id\":\"https:\/\/technetics.com\/#website\",\"url\":\"https:\/\/technetics.com\/\",\"name\":\"Technetics Group\",\"description\":\"Confidence For Critical Applications\",\"publisher\":{\"@id\":\"https:\/\/technetics.com\/#organization\"},\"potentialAction\":[{\"@type\":\"SearchAction\",\"target\":{\"@type\":\"EntryPoint\",\"urlTemplate\":\"https:\/\/technetics.com\/?s={search_term_string}\"},\"query-input\":{\"@type\":\"PropertyValueSpecification\",\"valueRequired\":true,\"valueName\":\"search_term_string\"}}],\"inLanguage\":\"de-DE\"},{\"@type\":\"Organization\",\"@id\":\"https:\/\/technetics.com\/#organization\",\"name\":\"Technetics Group\",\"url\":\"https:\/\/technetics.com\/\",\"logo\":{\"@type\":\"ImageObject\",\"inLanguage\":\"de-DE\",\"@id\":\"https:\/\/technetics.com\/#\/schema\/logo\/image\/\",\"url\":\"https:\/\/technetics.com\/wp-content\/uploads\/2025\/04\/technetics-logo-color.png\",\"contentUrl\":\"https:\/\/technetics.com\/wp-content\/uploads\/2025\/04\/technetics-logo-color.png\",\"width\":1718,\"height\":488,\"caption\":\"Technetics Group\"},\"image\":{\"@id\":\"https:\/\/technetics.com\/#\/schema\/logo\/image\/\"},\"sameAs\":[\"https:\/\/www.facebook.com\/TechneticsGroup\/\",\"https:\/\/x.com\/TechneticsGroup\",\"https:\/\/www.linkedin.com\/company\/technetics-group\/\",\"https:\/\/www.youtube.com\/user\/TechneticsGroup\"]},{\"@type\":\"Person\",\"@id\":\"https:\/\/technetics.com\/#\/schema\/person\/a9dd63c74704ef282a2214ec09c4a6d9\",\"name\":\"Lea Johnson\",\"image\":{\"@type\":\"ImageObject\",\"inLanguage\":\"de-DE\",\"@id\":\"https:\/\/technetics.com\/#\/schema\/person\/image\/\",\"url\":\"https:\/\/secure.gravatar.com\/avatar\/692bcabf21ff4e52d12a57c7e06d704a987830338aea8a1fc912fc00aa5b1c68?s=96&d=mm&r=g\",\"contentUrl\":\"https:\/\/secure.gravatar.com\/avatar\/692bcabf21ff4e52d12a57c7e06d704a987830338aea8a1fc912fc00aa5b1c68?s=96&d=mm&r=g\",\"caption\":\"Lea Johnson\"}}]}<\/script>\n<!-- \/ Yoast SEO plugin. -->","yoast_head_json":{"title":"Getting Technetical: What Will the Commercial Space Market Look Like in 2022? - Technetics Group","description":"The pandemic may have halted many industries from growing, but that is not the case for the commercial space market.","robots":{"index":"index","follow":"follow","max-snippet":"max-snippet:-1","max-image-preview":"max-image-preview:large","max-video-preview":"max-video-preview:-1"},"canonical":"https:\/\/technetics.com\/de\/getting-technetical-what-will-the-commercial-space-market-look-like-in-2022\/","og_locale":"de_DE","og_type":"article","og_title":"Getting Technetical: What Will the Commercial Space Market Look Like in 2022? - Technetics Group","og_description":"The pandemic may have halted many industries from growing, but that is not the case for the commercial space market.","og_url":"https:\/\/technetics.com\/de\/getting-technetical-what-will-the-commercial-space-market-look-like-in-2022\/","og_site_name":"Technetics Group","article_publisher":"https:\/\/www.facebook.com\/TechneticsGroup\/","article_published_time":"2021-12-15T13:00:22+00:00","article_modified_time":"2022-02-24T20:13:50+00:00","og_image":[{"width":2024,"height":1330,"url":"https:\/\/technetics.com\/wp-content\/uploads\/2021\/12\/Podcast-2-Screenshot.jpg","type":"image\/jpeg"}],"author":"Lea Johnson","twitter_card":"summary_large_image","twitter_creator":"@TechneticsGroup","twitter_site":"@TechneticsGroup","twitter_misc":{"Verfasst von":"Lea Johnson","Gesch\u00e4tzte Lesezeit":"3 Minuten"},"schema":{"@context":"https:\/\/schema.org","@graph":[{"@type":"Article","@id":"https:\/\/technetics.com\/getting-technetical-what-will-the-commercial-space-market-look-like-in-2022\/#article","isPartOf":{"@id":"https:\/\/technetics.com\/getting-technetical-what-will-the-commercial-space-market-look-like-in-2022\/"},"author":{"name":"Lea Johnson","@id":"https:\/\/technetics.com\/#\/schema\/person\/a9dd63c74704ef282a2214ec09c4a6d9"},"headline":"Getting Technetical: What Will the Commercial Space Market Look Like in 2022?","datePublished":"2021-12-15T13:00:22+00:00","dateModified":"2022-02-24T20:13:50+00:00","mainEntityOfPage":{"@id":"https:\/\/technetics.com\/getting-technetical-what-will-the-commercial-space-market-look-like-in-2022\/"},"wordCount":757,"publisher":{"@id":"https:\/\/technetics.com\/#organization"},"image":{"@id":"https:\/\/technetics.com\/getting-technetical-what-will-the-commercial-space-market-look-like-in-2022\/#primaryimage"},"thumbnailUrl":"https:\/\/technetics.com\/wp-content\/uploads\/2021\/12\/Podcast-2-Screenshot.jpg","articleSection":["Podcasts"],"inLanguage":"de-DE"},{"@type":"WebPage","@id":"https:\/\/technetics.com\/getting-technetical-what-will-the-commercial-space-market-look-like-in-2022\/","url":"https:\/\/technetics.com\/getting-technetical-what-will-the-commercial-space-market-look-like-in-2022\/","name":"Getting Technetical: What Will the Commercial Space Market Look Like in 2022? - Technetics Group","isPartOf":{"@id":"https:\/\/technetics.com\/#website"},"primaryImageOfPage":{"@id":"https:\/\/technetics.com\/getting-technetical-what-will-the-commercial-space-market-look-like-in-2022\/#primaryimage"},"image":{"@id":"https:\/\/technetics.com\/getting-technetical-what-will-the-commercial-space-market-look-like-in-2022\/#primaryimage"},"thumbnailUrl":"https:\/\/technetics.com\/wp-content\/uploads\/2021\/12\/Podcast-2-Screenshot.jpg","datePublished":"2021-12-15T13:00:22+00:00","dateModified":"2022-02-24T20:13:50+00:00","description":"The pandemic may have halted many industries from growing, but that is not the case for the commercial space market.","breadcrumb":{"@id":"https:\/\/technetics.com\/getting-technetical-what-will-the-commercial-space-market-look-like-in-2022\/#breadcrumb"},"inLanguage":"de-DE","potentialAction":[{"@type":"ReadAction","target":["https:\/\/technetics.com\/getting-technetical-what-will-the-commercial-space-market-look-like-in-2022\/"]}]},{"@type":"ImageObject","inLanguage":"de-DE","@id":"https:\/\/technetics.com\/getting-technetical-what-will-the-commercial-space-market-look-like-in-2022\/#primaryimage","url":"https:\/\/technetics.com\/wp-content\/uploads\/2021\/12\/Podcast-2-Screenshot.jpg","contentUrl":"https:\/\/technetics.com\/wp-content\/uploads\/2021\/12\/Podcast-2-Screenshot.jpg","width":2024,"height":1330},{"@type":"BreadcrumbList","@id":"https:\/\/technetics.com\/getting-technetical-what-will-the-commercial-space-market-look-like-in-2022\/#breadcrumb","itemListElement":[{"@type":"ListItem","position":1,"name":"Home","item":"https:\/\/technetics.com\/ko\/"},{"@type":"ListItem","position":2,"name":"Getting Technetical: What Will the Commercial Space Market Look Like in 2022?"}]},{"@type":"WebSite","@id":"https:\/\/technetics.com\/#website","url":"https:\/\/technetics.com\/","name":"Technetics Group","description":"Confidence For Critical Applications","publisher":{"@id":"https:\/\/technetics.com\/#organization"},"potentialAction":[{"@type":"SearchAction","target":{"@type":"EntryPoint","urlTemplate":"https:\/\/technetics.com\/?s={search_term_string}"},"query-input":{"@type":"PropertyValueSpecification","valueRequired":true,"valueName":"search_term_string"}}],"inLanguage":"de-DE"},{"@type":"Organization","@id":"https:\/\/technetics.com\/#organization","name":"Technetics Group","url":"https:\/\/technetics.com\/","logo":{"@type":"ImageObject","inLanguage":"de-DE","@id":"https:\/\/technetics.com\/#\/schema\/logo\/image\/","url":"https:\/\/technetics.com\/wp-content\/uploads\/2025\/04\/technetics-logo-color.png","contentUrl":"https:\/\/technetics.com\/wp-content\/uploads\/2025\/04\/technetics-logo-color.png","width":1718,"height":488,"caption":"Technetics Group"},"image":{"@id":"https:\/\/technetics.com\/#\/schema\/logo\/image\/"},"sameAs":["https:\/\/www.facebook.com\/TechneticsGroup\/","https:\/\/x.com\/TechneticsGroup","https:\/\/www.linkedin.com\/company\/technetics-group\/","https:\/\/www.youtube.com\/user\/TechneticsGroup"]},{"@type":"Person","@id":"https:\/\/technetics.com\/#\/schema\/person\/a9dd63c74704ef282a2214ec09c4a6d9","name":"Lea Johnson","image":{"@type":"ImageObject","inLanguage":"de-DE","@id":"https:\/\/technetics.com\/#\/schema\/person\/image\/","url":"https:\/\/secure.gravatar.com\/avatar\/692bcabf21ff4e52d12a57c7e06d704a987830338aea8a1fc912fc00aa5b1c68?s=96&d=mm&r=g","contentUrl":"https:\/\/secure.gravatar.com\/avatar\/692bcabf21ff4e52d12a57c7e06d704a987830338aea8a1fc912fc00aa5b1c68?s=96&d=mm&r=g","caption":"Lea Johnson"}}]}},"_links":{"self":[{"href":"https:\/\/technetics.com\/de\/wp-json\/wp\/v2\/posts\/7647","targetHints":{"allow":["GET"]}}],"collection":[{"href":"https:\/\/technetics.com\/de\/wp-json\/wp\/v2\/posts"}],"about":[{"href":"https:\/\/technetics.com\/de\/wp-json\/wp\/v2\/types\/post"}],"author":[{"embeddable":true,"href":"https:\/\/technetics.com\/de\/wp-json\/wp\/v2\/users\/5"}],"replies":[{"embeddable":true,"href":"https:\/\/technetics.com\/de\/wp-json\/wp\/v2\/comments?post=7647"}],"version-history":[{"count":3,"href":"https:\/\/technetics.com\/de\/wp-json\/wp\/v2\/posts\/7647\/revisions"}],"predecessor-version":[{"id":7844,"href":"https:\/\/technetics.com\/de\/wp-json\/wp\/v2\/posts\/7647\/revisions\/7844"}],"wp:featuredmedia":[{"embeddable":true,"href":"https:\/\/technetics.com\/de\/wp-json\/wp\/v2\/media\/7751"}],"wp:attachment":[{"href":"https:\/\/technetics.com\/de\/wp-json\/wp\/v2\/media?parent=7647"}],"wp:term":[{"taxonomy":"category","embeddable":true,"href":"https:\/\/technetics.com\/de\/wp-json\/wp\/v2\/categories?post=7647"},{"taxonomy":"post_tag","embeddable":true,"href":"https:\/\/technetics.com\/de\/wp-json\/wp\/v2\/tags?post=7647"},{"taxonomy":"application","embeddable":true,"href":"https:\/\/technetics.com\/de\/wp-json\/wp\/v2\/application?post=7647"}],"curies":[{"name":"wp","href":"https:\/\/api.w.org\/{rel}","templated":true}]}}